{"id":163,"date":"2022-08-31T15:33:37","date_gmt":"2022-08-31T13:33:37","guid":{"rendered":"http:\/\/localhost:8888\/?p=163"},"modified":"2024-04-24T16:06:32","modified_gmt":"2024-04-24T14:06:32","slug":"jacky-ou-laventure-des-sceaux","status":"publish","type":"post","link":"https:\/\/jaricot.net\/ishi-ka-dojo\/2022\/08\/31\/jacky-ou-laventure-des-sceaux\/","title":{"rendered":"Jacky ou l&rsquo;Aventure des sceaux"},"content":{"rendered":"\n<p><strong>Comment c&rsquo;est arriv\u00e9 ?<\/strong><\/p>\n\n\n<div class=\"wp-block-image\">\n<figure class=\"aligncenter size-large\"><img decoding=\"async\" src=\"http:\/\/jaricot.net\/ishi-ka-dojo\/wp-content\/uploads\/2022\/08\/sceau-05-WE762d1cd5a9.png\" alt=\"\"\/><\/figure><\/div>\n\n\n<p>Tout a commenc\u00e9 avec le plaisir qu&rsquo;a Jacky d&rsquo;offrir les calligraphies qu&rsquo;il r\u00e9alise sur les th\u00e8mes des stages de notre groupe du Sud&#8230; Et c&rsquo;est plus beau paraph\u00e9 avec un sceau&#8230;ou deux, l&rsquo;un en creux, l&rsquo;autre en relief !<\/p>\n\n\n\n<p><\/p>\n\n\n\n<p>Au quotidien, Jacky, artisan de son m\u00e9tier, privil\u00e9gie la r\u00e9alisation personnelle  et n&rsquo;h\u00e9site pas \u00e0 repousser les limites du possible&#8230; De l\u00e0 \u00e0 s&rsquo;atteler tr\u00e8s s\u00e9rieusement \u00e0 la gravure de nos sceaux personnels afin d&rsquo;en signer nos Tempyo, il n&rsquo;y avait qu&rsquo;un pas, vite saut\u00e9\u00a0! La suite vient naturellement&#8230;<\/p>\n\n\n\n<p><\/p>\n\n\n\n<p>Lorsque notre association ni\u00e7oise, \u00ab Gi Y\u00f4 Shin D\u00f4j\u00f4 \u00bb a souffl\u00e9 sa deuxi\u00e8me bougie au cours d&rsquo;une assembl\u00e9e g\u00e9n\u00e9rale festive et gastronomique, il a annonc\u00e9 que la facture des sceaux de calligraphie, c&rsquo;\u00e9tait son affaire, ce qui a imm\u00e9diatement soulev\u00e9 l&rsquo;int\u00e9r\u00eat l\u00e9gitime du bureau et des adh\u00e9rents. Il \u00e9tait pl\u00e9biscit\u00e9 pour confectionner le sceau de notre D\u00f4j\u00f4 !<\/p>\n\n\n\n<p><\/p>\n\n\n\n<p><strong>Comment \u00e7a s&rsquo;est pass\u00e9 ?<\/strong><\/p>\n\n\n\n<p><\/p>\n\n\n\n<p>Ce fut le d\u00e9but d&rsquo;une r\u00e9flexion au c\u0153ur du sujet. Gi Y\u00f4 Shin D\u00f4j\u00f4, \u00ab La technique enrichit le c\u0153ur et l&rsquo;esprit \u00bb, comporte pas moins de cinq Kanji \u00e0 caser, harmonieusement s&rsquo;il vous pla\u00eet, dans un carr\u00e9 de 3cm\/3.<\/p>\n\n\n\n<div class=\"is-layout-flex wp-container-3 wp-block-columns\">\n<div class=\"is-layout-flow wp-block-column\">\n<figure class=\"wp-block-image size-large\"><img decoding=\"async\" src=\"http:\/\/jaricot.net\/ishi-ka-dojo\/wp-content\/uploads\/2022\/08\/sceau-01-WE0a884b942f.png\" alt=\"\"\/><\/figure>\n<\/div>\n\n\n\n<div class=\"is-layout-flow wp-block-column\">\n<p>G\u00e9n\u00e9ralement, c&rsquo;est le style sigillaire, le Tensho, qui est privil\u00e9gi\u00e9 pour les sceaux. Jacky l&rsquo;a choisi pour notre D\u00f4j\u00f4 et il commence sa recherche dans des dictionnaires de styles japonais. Une fois ses id\u00e9ogrammes&nbsp;<br>pr\u00e9f\u00e9r\u00e9s s\u00e9lectionn\u00e9s, il les trace et les retrace, les&nbsp; \u00ab met en forme \u00bb dans leur espace minimaliste. C&rsquo;est une gestation !&#8230;&nbsp;<\/p>\n\n\n\n<p><\/p>\n<\/div>\n<\/div>\n\n\n\n<p>Ensuite, il y a la pierre, la st\u00e9atite ou pierre \u00e0 savon, tendre, qu&rsquo;il est n\u00e9cessaire de bien choisir dans un bloc assez compact ne risquant pas de se fendre pendant le travail. Puis, viennent la d\u00e9coupe \u00e0 la scie \u00e0 ruban et le pon\u00e7age avec des toiles de plus en plus fines jusqu&rsquo;\u00e0 obtenir la douceur de la soie. La taille du sceau sera adapt\u00e9e au contenu.<\/p>\n\n\n\n<p>La pierre sera cal\u00e9e dans un \u00e9tau \u00e0 sceaux lui m\u00eame ins\u00e9r\u00e9 dans un socle en bois.<\/p>\n\n\n\n<div class=\"is-layout-flex wp-container-6 wp-block-columns\">\n<div class=\"is-layout-flow wp-block-column\">\n<figure class=\"wp-block-image size-large\"><img decoding=\"async\" src=\"http:\/\/jaricot.net\/ishi-ka-dojo\/wp-content\/uploads\/2022\/08\/sceau-02-WEd2f7bc9987.png\" alt=\"\"\/><\/figure>\n<\/div>\n\n\n\n<div class=\"is-layout-flow wp-block-column\">\n<p>C&rsquo;est \u00e0 ce stade qu&rsquo;intervient le transfert du mod\u00e8le \u00e0 l&rsquo;envers sur la pierre au feutre tr\u00e8s fin et doux. Chauss\u00e9 de ses lunettes de bijoutier, Jacky commence \u00e0 \u00e9vider la mati\u00e8re tout&nbsp;autour du sujet puisqu&rsquo;il a choisi de r\u00e9aliser le sceau en relief, option la plus d\u00e9licate. Qu&rsquo;\u00e0 cela ne tienne, m\u00eame pas peur, c&rsquo;est une gageure !&nbsp;<\/p>\n\n\n\n<p>Il utilise des gravelets tr\u00e8s fins pour entailler la mati\u00e8re avec patience, endurance et d\u00e9termination&#8230;<\/p>\n\n\n\n<p>Entre temps, il y aura des \u00e9changes avec les membres du bureau, histoire de partager, d&rsquo;\u00eatre en phase, comme on le fait pour tous nos projets associatifs, c&rsquo;est notre fa\u00e7on d&rsquo;aller de l&rsquo;avant en coop\u00e9ration.<\/p>\n<\/div>\n<\/div>\n\n\n\n<p>Apr\u00e8s plusieurs \u00ab brouillons \u00bb, la miniature voit le jour, correspondant enfin aux exigences de son pointilleux cr\u00e9ateur. Il la regarde, la tourne et la retourne &#8230; histoire de continuer encore un peu l&rsquo;aventure et de proposer un bel objet qu&rsquo;on a plaisir \u00e0 tenir, il d\u00e9cide de l&rsquo;ins\u00e9rer dans un logement en bois qui en facilitera le maniement, muni d&rsquo;un petit couvercle protecteur. Deux essences de notre jardin seront choisies pour cette touche finale, le prunier et le noyer, l&rsquo;un clair et l&rsquo;autre plus sombre.<\/p>\n\n\n\n<div class=\"is-layout-flex wp-container-9 wp-block-columns\">\n<div class=\"is-layout-flow wp-block-column\" style=\"flex-basis:66.66%\">\n<p>Heureux comme si c&rsquo;\u00e9tait un cadeau pour lui, Jacky a pu enfin offrir le sceau \u00e0 notre D\u00f4j\u00f4. Il l&rsquo;a remis avec joie \u00e0 son pr\u00e9sident, Jean-Claude, qui, \u00e9mu, a lentement effeuill\u00e9 les diff\u00e9rents emballages protecteurs de ce symbole, Gi Y\u00f4 Shin D\u00f4j\u00f4, porteur des valeurs qui nous sont ch\u00e8res.<\/p>\n<\/div>\n\n\n\n<div class=\"is-layout-flow wp-block-column\" style=\"flex-basis:33.33%\">\n<figure class=\"wp-block-image size-large\"><img decoding=\"async\" src=\"http:\/\/jaricot.net\/ishi-ka-dojo\/wp-content\/uploads\/2022\/08\/sceau-03-WE94f89f005b.png\" alt=\"\"\/><\/figure>\n<\/div>\n<\/div>\n\n\n\n<div class=\"is-layout-flex wp-container-12 wp-block-columns\">\n<div class=\"is-layout-flow wp-block-column\" style=\"flex-basis:33.33%\">\n<figure class=\"wp-block-image size-large\"><img decoding=\"async\" src=\"http:\/\/jaricot.net\/ishi-ka-dojo\/wp-content\/uploads\/2022\/08\/sceau-04-WE13ecf03181.png\" alt=\"\"\/><\/figure>\n<\/div>\n\n\n\n<div class=\"is-layout-flow wp-block-column\" style=\"flex-basis:66.66%\">\n<p>Jacky, lui, a repris son gravelet pour r\u00e9aliser, en style&nbsp;Sosho (une fois n&rsquo;est pas coutume), le sceau d&rsquo;Ishi Ka D\u00f4j\u00f4. Actuellement, il s&rsquo;attelle \u00e0 un nouveau challenge avec un sceau dont une moiti\u00e9 sera en creux et l&rsquo;autre en relief !<\/p>\n<\/div>\n<\/div>\n\n\n\n<p>Affaire \u00e0 suivre&nbsp;!&nbsp;<\/p>\n\n\n\n<p><em>Marie Ponsot<\/em><\/p>\n","protected":false},"excerpt":{"rendered":"<p>Comment c&rsquo;est arriv\u00e9 ? Tout a commenc\u00e9 avec le plaisir qu&rsquo;a Jacky d&rsquo;offrir les calligraphies qu&rsquo;il r\u00e9alise sur les th\u00e8mes des stages de notre groupe du Sud&#8230; Et c&rsquo;est plus &hellip; <a href=\"https:\/\/jaricot.net\/ishi-ka-dojo\/2022\/08\/31\/jacky-ou-laventure-des-sceaux\/\" class=\"more-link\">Continuer la lecture<span class=\"screen-reader-text\"> de &laquo;&nbsp;Jacky ou l&rsquo;Aventure des sceaux&nbsp;&raquo;<\/span><\/a><\/p>\n","protected":false},"author":2,"featured_media":0,"comment_status":"open","ping_status":"open","sticky":false,"template":"","format":"standard","meta":{"_EventAllDay":false,"_EventTimezone":"","_EventStartDate":"","_EventEndDate":"","_EventStartDateUTC":"","_EventEndDateUTC":"","_EventShowMap":false,"_EventShowMapLink":false,"_EventURL":"","_EventCost":"","_EventCostDescription":"","_EventCurrencySymbol":"","_EventCurrencyCode":"","_EventCurrencyPosition":"","_EventDateTimeSeparator":"","_EventTimeRangeSeparator":"","_EventOrganizerID":[],"_EventVenueID":0,"_OrganizerEmail":"","_OrganizerPhone":"","_OrganizerWebsite":"","_VenueAddress":"","_VenueCity":"","_VenueCountry":"","_VenueProvince":"","_VenueZip":"","_VenuePhone":"","_VenueURL":"","_VenueStateProvince":"","_VenueLat":"","_VenueLng":""},"categories":[20],"tags":[],"_links":{"self":[{"href":"https:\/\/jaricot.net\/ishi-ka-dojo\/wp-json\/wp\/v2\/posts\/163"}],"collection":[{"href":"https:\/\/jaricot.net\/ishi-ka-dojo\/wp-json\/wp\/v2\/posts"}],"about":[{"href":"https:\/\/jaricot.net\/ishi-ka-dojo\/wp-json\/wp\/v2\/types\/post"}],"author":[{"embeddable":true,"href":"https:\/\/jaricot.net\/ishi-ka-dojo\/wp-json\/wp\/v2\/users\/2"}],"replies":[{"embeddable":true,"href":"https:\/\/jaricot.net\/ishi-ka-dojo\/wp-json\/wp\/v2\/comments?post=163"}],"version-history":[{"count":8,"href":"https:\/\/jaricot.net\/ishi-ka-dojo\/wp-json\/wp\/v2\/posts\/163\/revisions"}],"predecessor-version":[{"id":328,"href":"https:\/\/jaricot.net\/ishi-ka-dojo\/wp-json\/wp\/v2\/posts\/163\/revisions\/328"}],"wp:attachment":[{"href":"https:\/\/jaricot.net\/ishi-ka-dojo\/wp-json\/wp\/v2\/media?parent=163"}],"wp:term":[{"taxonomy":"category","embeddable":true,"href":"https:\/\/jaricot.net\/ishi-ka-dojo\/wp-json\/wp\/v2\/categories?post=163"},{"taxonomy":"post_tag","embeddable":true,"href":"https:\/\/jaricot.net\/ishi-ka-dojo\/wp-json\/wp\/v2\/tags?post=163"}],"curies":[{"name":"wp","href":"https:\/\/api.w.org\/{rel}","templated":true}]}}